{"id":3022,"date":"2026-04-27T10:01:08","date_gmt":"2026-04-27T10:01:08","guid":{"rendered":"https:\/\/incentea.com\/mz\/?p=3022"},"modified":"2026-04-30T10:16:57","modified_gmt":"2026-04-30T10:16:57","slug":"ii-conferencia-sobre-parcerias-publico-privadas-em-mocambique","status":"publish","type":"post","link":"https:\/\/incentea.com\/mz\/ii-conferencia-sobre-parcerias-publico-privadas-em-mocambique\/","title":{"rendered":"II Confer\u00eancia sobre Parcerias p\u00fablico Privadas em Mo\u00e7ambique"},"content":{"rendered":"[vc_row type=&#8221;in_container&#8221; full_screen_row_position=&#8221;middle&#8221; column_margin=&#8221;default&#8221; column_direction=&#8221;default&#8221; column_direction_tablet=&#8221;default&#8221; column_direction_phone=&#8221;default&#8221; scene_position=&#8221;center&#8221; left_padding_desktop=&#8221;15%&#8221; constrain_group_2=&#8221;yes&#8221; right_padding_desktop=&#8221;15%&#8221; left_padding_tablet=&#8221;0%&#8221; constrain_group_4=&#8221;yes&#8221; right_padding_tablet=&#8221;0%&#8221; left_padding_phone=&#8221;0%&#8221; constrain_group_6=&#8221;yes&#8221; right_padding_phone=&#8221;0%&#8221; text_color=&#8221;dark&#8221; text_align=&#8221;left&#8221; row_border_radius=&#8221;none&#8221; row_border_radius_applies=&#8221;bg&#8221; overflow=&#8221;visible&#8221; overlay_strength=&#8221;0.3&#8243; gradient_direction=&#8221;left_to_right&#8221; shape_divider_position=&#8221;bottom&#8221; bg_image_animation=&#8221;none&#8221; gradient_type=&#8221;default&#8221; shape_type=&#8221;&#8221;][vc_column column_padding=&#8221;no-extra-padding&#8221; column_padding_tablet=&#8221;inherit&#8221; column_padding_phone=&#8221;inherit&#8221; column_padding_position=&#8221;all&#8221; column_element_direction_desktop=&#8221;default&#8221; column_element_spacing=&#8221;default&#8221; desktop_text_alignment=&#8221;default&#8221; tablet_text_alignment=&#8221;default&#8221; phone_text_alignment=&#8221;default&#8221; background_color_opacity=&#8221;1&#8243; background_hover_color_opacity=&#8221;1&#8243; column_backdrop_filter=&#8221;none&#8221; column_shadow=&#8221;none&#8221; column_border_radius=&#8221;none&#8221; column_link_target=&#8221;_self&#8221; column_position=&#8221;default&#8221; gradient_direction=&#8221;left_to_right&#8221; overlay_strength=&#8221;0.3&#8243; width=&#8221;1\/1&#8243; tablet_width_inherit=&#8221;default&#8221; animation_type=&#8221;default&#8221; bg_image_animation=&#8221;none&#8221; border_type=&#8221;simple&#8221; column_border_width=&#8221;none&#8221; column_border_style=&#8221;solid&#8221;][vc_row_inner column_margin=&#8221;default&#8221; column_direction=&#8221;default&#8221; column_direction_tablet=&#8221;default&#8221; column_direction_phone=&#8221;default&#8221; left_padding_desktop=&#8221;10%&#8221; right_padding_desktop=&#8221;10%&#8221; text_align=&#8221;left&#8221; row_position=&#8221;default&#8221; row_position_tablet=&#8221;inherit&#8221; row_position_phone=&#8221;inherit&#8221; overflow=&#8221;visible&#8221; pointer_events=&#8221;all&#8221;][vc_column_inner column_padding=&#8221;no-extra-padding&#8221; column_padding_tablet=&#8221;inherit&#8221; column_padding_phone=&#8221;inherit&#8221; column_padding_position=&#8221;all&#8221; column_element_direction_desktop=&#8221;default&#8221; column_element_spacing=&#8221;default&#8221; desktop_text_alignment=&#8221;default&#8221; tablet_text_alignment=&#8221;default&#8221; phone_text_alignment=&#8221;default&#8221; background_color_opacity=&#8221;1&#8243; background_hover_color_opacity=&#8221;1&#8243; column_backdrop_filter=&#8221;none&#8221; column_shadow=&#8221;none&#8221; column_border_radius=&#8221;none&#8221; column_link_target=&#8221;_self&#8221; overflow=&#8221;visible&#8221; gradient_direction=&#8221;left_to_right&#8221; overlay_strength=&#8221;0.3&#8243; width=&#8221;1\/1&#8243; tablet_width_inherit=&#8221;default&#8221; animation_type=&#8221;default&#8221; enable_animation=&#8221;true&#8221; animation=&#8221;fade-in-from-bottom&#8221; animation_easing=&#8221;default&#8221; bg_image_animation=&#8221;none&#8221; border_type=&#8221;simple&#8221; column_border_width=&#8221;none&#8221; column_border_style=&#8221;solid&#8221; column_padding_type=&#8221;default&#8221; gradient_type=&#8221;default&#8221;][image_with_animation image_url=&#8221;3044&#8243; image_size=&#8221;large&#8221; max_width=&#8221;100%&#8221; max_width_mobile=&#8221;default&#8221; animation_type=&#8221;entrance&#8221; animation=&#8221;None&#8221; animation_movement_type=&#8221;transform_y&#8221; hover_animation=&#8221;none&#8221; alignment=&#8221;center&#8221; border_radius=&#8221;20px&#8221; box_shadow=&#8221;none&#8221; image_loading=&#8221;default&#8221;][\/vc_column_inner][\/vc_row_inner][vc_row_inner column_margin=&#8221;default&#8221; column_direction=&#8221;default&#8221; column_direction_tablet=&#8221;default&#8221; column_direction_phone=&#8221;default&#8221; top_padding=&#8221;5%&#8221; constrain_group_1=&#8221;yes&#8221; bottom_padding=&#8221;5%&#8221; text_align=&#8221;left&#8221; row_position=&#8221;default&#8221; row_position_tablet=&#8221;inherit&#8221; row_position_phone=&#8221;inherit&#8221; overflow=&#8221;visible&#8221; pointer_events=&#8221;all&#8221;][vc_column_inner column_padding=&#8221;no-extra-padding&#8221; column_padding_tablet=&#8221;inherit&#8221; column_padding_phone=&#8221;inherit&#8221; column_padding_position=&#8221;all&#8221; column_element_direction_desktop=&#8221;default&#8221; column_element_spacing=&#8221;default&#8221; desktop_text_alignment=&#8221;default&#8221; tablet_text_alignment=&#8221;default&#8221; phone_text_alignment=&#8221;default&#8221; background_color_opacity=&#8221;1&#8243; background_hover_color_opacity=&#8221;1&#8243; column_backdrop_filter=&#8221;none&#8221; column_shadow=&#8221;none&#8221; column_border_radius=&#8221;none&#8221; column_link_target=&#8221;_self&#8221; overflow=&#8221;visible&#8221; gradient_direction=&#8221;left_to_right&#8221; overlay_strength=&#8221;0.3&#8243; width=&#8221;1\/6&#8243; tablet_width_inherit=&#8221;default&#8221; animation_type=&#8221;default&#8221; enable_animation=&#8221;true&#8221; animation=&#8221;fade-in-from-bottom&#8221; animation_easing=&#8221;default&#8221; bg_image_animation=&#8221;none&#8221; border_type=&#8221;simple&#8221; column_border_width=&#8221;none&#8221; column_border_style=&#8221;solid&#8221; column_padding_type=&#8221;default&#8221; gradient_type=&#8221;default&#8221;][\/vc_column_inner][vc_column_inner column_padding=&#8221;no-extra-padding&#8221; column_padding_tablet=&#8221;inherit&#8221; column_padding_phone=&#8221;inherit&#8221; column_padding_position=&#8221;all&#8221; column_element_direction_desktop=&#8221;default&#8221; column_element_spacing=&#8221;default&#8221; desktop_text_alignment=&#8221;default&#8221; tablet_text_alignment=&#8221;default&#8221; phone_text_alignment=&#8221;default&#8221; background_color_opacity=&#8221;1&#8243; background_hover_color_opacity=&#8221;1&#8243; column_backdrop_filter=&#8221;none&#8221; column_shadow=&#8221;none&#8221; column_border_radius=&#8221;none&#8221; column_link_target=&#8221;_self&#8221; overflow=&#8221;visible&#8221; gradient_direction=&#8221;left_to_right&#8221; overlay_strength=&#8221;0.3&#8243; width=&#8221;2\/3&#8243; tablet_width_inherit=&#8221;default&#8221; animation_type=&#8221;default&#8221; bg_image_animation=&#8221;none&#8221; border_type=&#8221;simple&#8221; column_border_width=&#8221;none&#8221; column_border_style=&#8221;solid&#8221;][vc_column_text css=&#8221;&#8221; text_direction=&#8221;default&#8221;]\n<h2>A INCENTEA Mo\u00e7ambique participou na II Confer\u00eancia sobre Parcerias P\u00fablico-Privadas, realizada a 24 de abril de 2026, no Centro de Confer\u00eancias Joaquim Chissano.<\/h2>\n[\/vc_column_text][vc_column_text css=&#8221;&#8221; text_direction=&#8221;default&#8221;]<span style=\"color: #233dec;\">O evento, organizado pela Revista Business &amp; Legal, reuniu decisores p\u00fablicos, l\u00edderes empresariais e institui\u00e7\u00f5es internacionais para debater o papel das PPP no desenvolvimento econ\u00f3mico do pa\u00eds. <\/span>[\/vc_column_text][vc_column_text css=&#8221;&#8221; text_direction=&#8221;default&#8221;]A confer\u00eancia contou com a abertura oficial de Sua Excel\u00eancia o Ministro da Economia, Bas\u00edlio Zefanias Muhate, em representa\u00e7\u00e3o ao Presidente da Rep\u00fablica, Daniel Francisco Chapo, e abordou temas estrat\u00e9gicos como financiamento de infraestruturas, investimento nos sectores produtivos, log\u00edstica, energia e mobilidade urbana.<br \/>\nAo longo dos pain\u00e9is, destacou-se a import\u00e2ncia crescente da transforma\u00e7\u00e3o digital em Mo\u00e7ambique como fator-chave para aumentar a efici\u00eancia, transpar\u00eancia e atratividade dos projetos de parceria p\u00fablico-privada.<br \/>\nNeste contexto, solu\u00e7\u00f5es tecnol\u00f3gicas como os sistemas ERP (Enterprise Resource Planning) assumem um papel essencial na integra\u00e7\u00e3o e otimiza\u00e7\u00e3o dos processos organizacionais. A INCENTEA tem vindo a apoiar esta evolu\u00e7\u00e3o atrav\u00e9s da implementa\u00e7\u00e3o de solu\u00e7\u00f5es ERP Cegid, adaptadas \u00e0 realidade do mercado mo\u00e7ambicano.[\/vc_column_text][vc_gallery css=&#8221;.vc_custom_1777543960525{border-radius: 30px !important;}&#8221; type=&#8221;image_grid&#8221; images=&#8221;3043,3042,3041&#8243; image_grid_loading=&#8221;default&#8221; layout=&#8221;3&#8243; item_spacing=&#8221;default&#8221; gallery_style=&#8221;7&#8243; load_in_animation=&#8221;none&#8221;][vc_column_text css=&#8221;&#8221; text_direction=&#8221;default&#8221;]A participa\u00e7\u00e3o da empresa permitiu refor\u00e7ar rela\u00e7\u00f5es institucionais, acompanhar tend\u00eancias de investimento e identificar novas oportunidades de colabora\u00e7\u00e3o no \u00e2mbito das PPP. Al\u00e9m disso, o evento proporcionou momentos relevantes de networking entre empresas, Governo e investidores.<br \/>\nA INCENTEA reafirma, assim, o seu compromisso com a inova\u00e7\u00e3o e com a promo\u00e7\u00e3o da transforma\u00e7\u00e3o digital, contribuindo para a moderniza\u00e7\u00e3o das organiza\u00e7\u00f5es e para o desenvolvimento sustent\u00e1vel de Mo\u00e7ambique.[\/vc_column_text][\/vc_column_inner][vc_column_inner column_padding=&#8221;no-extra-padding&#8221; column_padding_tablet=&#8221;inherit&#8221; column_padding_phone=&#8221;inherit&#8221; column_padding_position=&#8221;all&#8221; column_element_direction_desktop=&#8221;default&#8221; column_element_spacing=&#8221;default&#8221; desktop_text_alignment=&#8221;default&#8221; tablet_text_alignment=&#8221;default&#8221; phone_text_alignment=&#8221;default&#8221; background_color_opacity=&#8221;1&#8243; background_hover_color_opacity=&#8221;1&#8243; column_backdrop_filter=&#8221;none&#8221; column_shadow=&#8221;none&#8221; column_border_radius=&#8221;none&#8221; column_link_target=&#8221;_self&#8221; overflow=&#8221;visible&#8221; gradient_direction=&#8221;left_to_right&#8221; overlay_strength=&#8221;0.3&#8243; width=&#8221;1\/6&#8243; tablet_width_inherit=&#8221;default&#8221; animation_type=&#8221;default&#8221; bg_image_animation=&#8221;none&#8221; border_type=&#8221;simple&#8221; column_border_width=&#8221;none&#8221; column_border_style=&#8221;solid&#8221;][\/vc_column_inner][\/vc_row_inner][\/vc_column][\/vc_row][vc_row type=&#8221;in_container&#8221; full_screen_row_position=&#8221;middle&#8221; column_margin=&#8221;default&#8221; column_direction=&#8221;default&#8221; column_direction_tablet=&#8221;default&#8221; column_direction_phone=&#8221;default&#8221; scene_position=&#8221;center&#8221; top_padding=&#8221;5%&#8221; left_padding_desktop=&#8221;5%&#8221; constrain_group_2=&#8221;yes&#8221; right_padding_desktop=&#8221;5%&#8221; left_padding_tablet=&#8221;0%&#8221; constrain_group_4=&#8221;yes&#8221; right_padding_tablet=&#8221;0%&#8221; left_padding_phone=&#8221;0%&#8221; constrain_group_6=&#8221;yes&#8221; right_padding_phone=&#8221;0%&#8221; text_color=&#8221;dark&#8221; text_align=&#8221;left&#8221; row_border_radius=&#8221;none&#8221; row_border_radius_applies=&#8221;bg&#8221; overflow=&#8221;visible&#8221; overlay_strength=&#8221;0.3&#8243; gradient_direction=&#8221;left_to_right&#8221; shape_divider_position=&#8221;bottom&#8221; bg_image_animation=&#8221;none&#8221; gradient_type=&#8221;default&#8221; shape_type=&#8221;&#8221;][vc_column column_padding=&#8221;no-extra-padding&#8221; column_padding_tablet=&#8221;inherit&#8221; column_padding_phone=&#8221;inherit&#8221; column_padding_position=&#8221;all&#8221; column_element_direction_desktop=&#8221;default&#8221; column_element_spacing=&#8221;default&#8221; desktop_text_alignment=&#8221;default&#8221; tablet_text_alignment=&#8221;default&#8221; phone_text_alignment=&#8221;default&#8221; background_color_opacity=&#8221;1&#8243; background_hover_color_opacity=&#8221;1&#8243; column_backdrop_filter=&#8221;none&#8221; column_shadow=&#8221;none&#8221; column_border_radius=&#8221;none&#8221; column_link_target=&#8221;_self&#8221; column_position=&#8221;default&#8221; gradient_direction=&#8221;left_to_right&#8221; overlay_strength=&#8221;0.3&#8243; width=&#8221;1\/1&#8243; tablet_width_inherit=&#8221;default&#8221; animation_type=&#8221;default&#8221; enable_animation=&#8221;true&#8221; animation=&#8221;fade-in-from-bottom&#8221; animation_easing=&#8221;default&#8221; bg_image_animation=&#8221;none&#8221; border_type=&#8221;simple&#8221; column_border_width=&#8221;none&#8221; column_border_style=&#8221;solid&#8221; column_padding_type=&#8221;default&#8221; gradient_type=&#8221;default&#8221;][vc_row_inner equal_height=&#8221;yes&#8221; content_placement=&#8221;bottom&#8221; column_margin=&#8221;default&#8221; column_direction=&#8221;default&#8221; column_direction_tablet=&#8221;default&#8221; column_direction_phone=&#8221;default&#8221; text_align=&#8221;left&#8221; row_position=&#8221;default&#8221; row_position_tablet=&#8221;inherit&#8221; row_position_phone=&#8221;inherit&#8221; overflow=&#8221;visible&#8221; pointer_events=&#8221;all&#8221;][vc_column_inner column_padding=&#8221;no-extra-padding&#8221; column_padding_tablet=&#8221;inherit&#8221; column_padding_phone=&#8221;inherit&#8221; column_padding_position=&#8221;all&#8221; column_element_direction_desktop=&#8221;default&#8221; column_element_spacing=&#8221;default&#8221; desktop_text_alignment=&#8221;default&#8221; tablet_text_alignment=&#8221;default&#8221; phone_text_alignment=&#8221;default&#8221; background_color_opacity=&#8221;1&#8243; background_hover_color_opacity=&#8221;1&#8243; column_backdrop_filter=&#8221;none&#8221; column_shadow=&#8221;none&#8221; column_border_radius=&#8221;none&#8221; column_link_target=&#8221;_self&#8221; overflow=&#8221;visible&#8221; gradient_direction=&#8221;left_to_right&#8221; overlay_strength=&#8221;0.3&#8243; width=&#8221;3\/6&#8243; tablet_width_inherit=&#8221;default&#8221; animation_type=&#8221;default&#8221; enable_animation=&#8221;true&#8221; animation=&#8221;fade-in-from-bottom&#8221; animation_easing=&#8221;default&#8221; bg_image_animation=&#8221;none&#8221; border_type=&#8221;simple&#8221; column_border_width=&#8221;none&#8221; column_border_style=&#8221;solid&#8221; column_padding_type=&#8221;default&#8221; gradient_type=&#8221;default&#8221; offset=&#8221;vc_col-xs-12&#8243;][vc_column_text css=&#8221;&#8221; text_direction=&#8221;default&#8221;]\n<h2>Tamb\u00e9m poder\u00e1 ter interesse<\/h2>\n[\/vc_column_text][\/vc_column_inner][vc_column_inner column_padding=&#8221;no-extra-padding&#8221; column_padding_tablet=&#8221;inherit&#8221; column_padding_phone=&#8221;inherit&#8221; column_padding_position=&#8221;all&#8221; column_element_direction_desktop=&#8221;default&#8221; column_element_spacing=&#8221;default&#8221; desktop_text_alignment=&#8221;default&#8221; tablet_text_alignment=&#8221;default&#8221; phone_text_alignment=&#8221;default&#8221; background_color_opacity=&#8221;1&#8243; background_hover_color_opacity=&#8221;1&#8243; column_backdrop_filter=&#8221;none&#8221; column_shadow=&#8221;none&#8221; column_border_radius=&#8221;none&#8221; column_link_target=&#8221;_self&#8221; overflow=&#8221;visible&#8221; gradient_direction=&#8221;left_to_right&#8221; overlay_strength=&#8221;0.3&#8243; width=&#8221;2\/6&#8243; tablet_width_inherit=&#8221;default&#8221; animation_type=&#8221;default&#8221; bg_image_animation=&#8221;none&#8221; border_type=&#8221;simple&#8221; column_border_width=&#8221;none&#8221; column_border_style=&#8221;solid&#8221; column_padding_type=&#8221;default&#8221; gradient_type=&#8221;default&#8221; offset=&#8221;vc_hidden-sm vc_hidden-xs&#8221;][\/vc_column_inner][vc_column_inner column_padding=&#8221;no-extra-padding&#8221; column_padding_tablet=&#8221;inherit&#8221; column_padding_phone=&#8221;inherit&#8221; column_padding_position=&#8221;all&#8221; column_element_direction_desktop=&#8221;default&#8221; column_element_spacing=&#8221;default&#8221; desktop_text_alignment=&#8221;default&#8221; tablet_text_alignment=&#8221;default&#8221; phone_text_alignment=&#8221;center&#8221; background_color_opacity=&#8221;1&#8243; background_hover_color_opacity=&#8221;1&#8243; column_backdrop_filter=&#8221;none&#8221; column_shadow=&#8221;none&#8221; column_border_radius=&#8221;none&#8221; column_link_target=&#8221;_self&#8221; overflow=&#8221;visible&#8221; gradient_direction=&#8221;left_to_right&#8221; overlay_strength=&#8221;0.3&#8243; width=&#8221;1\/6&#8243; tablet_width_inherit=&#8221;default&#8221; animation_type=&#8221;default&#8221; enable_animation=&#8221;true&#8221; animation=&#8221;fade-in-from-bottom&#8221; animation_easing=&#8221;default&#8221; bg_image_animation=&#8221;none&#8221; border_type=&#8221;simple&#8221; column_border_width=&#8221;none&#8221; column_border_style=&#8221;solid&#8221; column_padding_type=&#8221;default&#8221; gradient_type=&#8221;default&#8221; delay=&#8221;250&#8243; offset=&#8221;vc_col-xs-12&#8243;][nectar_btn size=&#8221;medium&#8221; open_new_tab=&#8221;true&#8221; button_style=&#8221;regular&#8221; button_color_2=&#8221;Accent-Color&#8221; solid_text_color_override=&#8221;#FFFFFF&#8221; icon_family=&#8221;none&#8221; el_class=&#8221;button-blue-bullet&#8221; text=&#8221;Ver mais&#8221; url=&#8221;\/pt\/noticias&#8221;][\/vc_column_inner][\/vc_row_inner][vc_row_inner column_margin=&#8221;default&#8221; column_direction=&#8221;default&#8221; column_direction_tablet=&#8221;default&#8221; column_direction_phone=&#8221;default&#8221; top_padding=&#8221;3%&#8221; constrain_group_2=&#8221;yes&#8221; text_align=&#8221;left&#8221; row_position=&#8221;default&#8221; row_position_tablet=&#8221;inherit&#8221; row_position_phone=&#8221;inherit&#8221; overflow=&#8221;visible&#8221; pointer_events=&#8221;all&#8221;][vc_column_inner column_padding=&#8221;no-extra-padding&#8221; column_padding_tablet=&#8221;inherit&#8221; column_padding_phone=&#8221;inherit&#8221; column_padding_position=&#8221;all&#8221; column_element_direction_desktop=&#8221;default&#8221; column_element_spacing=&#8221;default&#8221; desktop_text_alignment=&#8221;default&#8221; tablet_text_alignment=&#8221;default&#8221; phone_text_alignment=&#8221;default&#8221; background_color_opacity=&#8221;1&#8243; background_hover_color_opacity=&#8221;1&#8243; column_backdrop_filter=&#8221;none&#8221; column_shadow=&#8221;none&#8221; column_border_radius=&#8221;none&#8221; column_link_target=&#8221;_self&#8221; overflow=&#8221;visible&#8221; gradient_direction=&#8221;left_to_right&#8221; overlay_strength=&#8221;0.3&#8243; width=&#8221;1\/1&#8243; tablet_width_inherit=&#8221;default&#8221; animation_type=&#8221;default&#8221; enable_animation=&#8221;true&#8221; animation=&#8221;fade-in-from-bottom&#8221; animation_easing=&#8221;default&#8221; bg_image_animation=&#8221;none&#8221; border_type=&#8221;simple&#8221; column_border_width=&#8221;none&#8221; column_border_style=&#8221;solid&#8221; column_padding_type=&#8221;default&#8221; gradient_type=&#8221;default&#8221;][nectar_post_grid post_type=&#8221;post&#8221; blog_category=&#8221;all&#8221; blog_starting_category=&#8221;all&#8221; order=&#8221;DESC&#8221; orderby=&#8221;date&#8221; pagination=&#8221;none&#8221; columns=&#8221;3&#8243; columns_tablet=&#8221;default&#8221; columns_phone=&#8221;default&#8221; grid_item_spacing=&#8221;25px&#8221; grid_item_height=&#8221;30vh&#8221; 3_col_masonry_layout=&#8221;default&#8221; image_size=&#8221;medium&#8221; image_loading=&#8221;default&#8221; animation=&#8221;none&#8221; animation_stagger=&#8221;90&#8243; animation_easing=&#8221;default&#8221; heading_tag=&#8221;default&#8221; heading_tag_render=&#8221;default&#8221; display_categories=&#8221;yes&#8221; category_functionality=&#8221;static&#8221; category_position=&#8221;overlaid&#8221; category_style=&#8221;underline&#8221; category_display=&#8221;default&#8221; display_date=&#8221;yes&#8221; additional_meta_size=&#8221;default&#8221; custom_fields_location=&#8221;after_post_meta&#8221; grid_style=&#8221;content_under_image&#8221; card_design=&#8221;yes&#8221; card_bg_color=&#8221;#F5F5F5&#8243; content_under_image_text_align=&#8221;left&#8221; text_color=&#8221;light&#8221; hover_effect=&#8221;animated_underline&#8221; border_radius=&#8221;20px&#8221; display_type=&#8221;grid&#8221; posts_per_page=&#8221;3&#8243;][\/vc_column_inner][\/vc_row_inner][\/vc_column][\/vc_row][vc_row type=&#8221;in_container&#8221; full_screen_row_position=&#8221;middle&#8221; column_margin=&#8221;default&#8221; column_direction=&#8221;default&#8221; column_direction_tablet=&#8221;default&#8221; column_direction_phone=&#8221;default&#8221; scene_position=&#8221;center&#8221; top_margin_phone=&#8221;12%&#8221; text_color=&#8221;dark&#8221; text_align=&#8221;left&#8221; row_border_radius=&#8221;none&#8221; row_border_radius_applies=&#8221;bg&#8221; overflow=&#8221;visible&#8221; overlay_strength=&#8221;0.3&#8243; gradient_direction=&#8221;left_to_right&#8221; shape_divider_position=&#8221;bottom&#8221; bg_image_animation=&#8221;none&#8221; gradient_type=&#8221;default&#8221; shape_type=&#8221;&#8221;][vc_column column_padding=&#8221;no-extra-padding&#8221; column_padding_tablet=&#8221;inherit&#8221; column_padding_phone=&#8221;inherit&#8221; column_padding_position=&#8221;all&#8221; column_element_direction_desktop=&#8221;default&#8221; column_element_spacing=&#8221;default&#8221; desktop_text_alignment=&#8221;default&#8221; tablet_text_alignment=&#8221;default&#8221; phone_text_alignment=&#8221;default&#8221; background_color_opacity=&#8221;1&#8243; background_hover_color_opacity=&#8221;1&#8243; column_backdrop_filter=&#8221;none&#8221; column_shadow=&#8221;none&#8221; column_border_radius=&#8221;none&#8221; column_link_target=&#8221;_self&#8221; column_position=&#8221;default&#8221; gradient_direction=&#8221;left_to_right&#8221; overlay_strength=&#8221;0.3&#8243; width=&#8221;1\/1&#8243; tablet_width_inherit=&#8221;default&#8221; animation_type=&#8221;default&#8221; bg_image_animation=&#8221;none&#8221; border_type=&#8221;simple&#8221; column_border_width=&#8221;none&#8221; column_border_style=&#8221;solid&#8221;][nectar_global_section id=&#8221;120&#8243;][\/vc_column][\/vc_row]\n","protected":false},"excerpt":{"rendered":"<p>[vc_row type=&#8221;in_container&#8221; full_screen_row_position=&#8221;middle&#8221; column_margin=&#8221;default&#8221; column_direction=&#8221;default&#8221; column_direction_tablet=&#8221;default&#8221; column_direction_phone=&#8221;default&#8221; scene_position=&#8221;center&#8221; left_padding_desktop=&#8221;15%&#8221; constrain_group_2=&#8221;yes&#8221; right_padding_desktop=&#8221;15%&#8221; left_padding_tablet=&#8221;0%&#8221; constrain_group_4=&#8221;yes&#8221; right_padding_tablet=&#8221;0%&#8221; left_padding_phone=&#8221;0%&#8221; constrain_group_6=&#8221;yes&#8221; right_padding_phone=&#8221;0%&#8221; text_color=&#8221;dark&#8221; text_align=&#8221;left&#8221; row_border_radius=&#8221;none&#8221; row_border_radius_applies=&#8221;bg&#8221; overflow=&#8221;visible&#8221; overlay_strength=&#8221;0.3&#8243; gradient_direction=&#8221;left_to_right&#8221; shape_divider_position=&#8221;bottom&#8221; bg_image_animation=&#8221;none&#8221; gradient_type=&#8221;default&#8221; shape_type=&#8221;&#8221;][vc_column column_padding=&#8221;no-extra-padding&#8221; column_padding_tablet=&#8221;inherit&#8221;&#8230;<\/p>\n","protected":false},"author":4,"featured_media":3003,"comment_status":"open","ping_status":"open","sticky":false,"template":"","format":"standard","meta":{"inline_featured_image":false,"footnotes":""},"categories":[46,116],"tags":[],"class_list":{"0":"post-3022","1":"post","2":"type-post","3":"status-publish","4":"format-standard","5":"has-post-thumbnail","7":"category-eventos","8":"category-noticias"},"yoast_head":"<!-- This site is optimized with the Yoast SEO plugin v27.5 - https:\/\/yoast.com\/product\/yoast-seo-wordpress\/ -->\n<title>II Confer\u00eancia sobre Parcerias p\u00fablico Privadas em Mo\u00e7ambique<\/title>\n<meta name=\"description\" content=\"A INCENTEA Mo\u00e7ambique participou na II Confer\u00eancia sobre Parcerias P\u00fablico-Privadas, realizada a 24 de abril de 2026, no Centro de Confer\u00eancias Joaquim Chissano. O evento, organizado pela Revista Business &amp; Legal, reuniu decisores p\u00fablicos, l\u00edderes empresariais e institui\u00e7\u00f5es internacionais para debater o papel das PPP no desenvolvimento econ\u00f3mico do pa\u00eds.\" \/>\n<meta name=\"robots\" content=\"index, follow, max-snippet:-1, max-image-preview:large, max-video-preview:-1\" \/>\n<link rel=\"canonical\" href=\"https:\/\/incentea.com\/mz\/ii-conferencia-sobre-parcerias-publico-privadas-em-mocambique\/\" \/>\n<meta property=\"og:locale\" content=\"pt_PT\" \/>\n<meta property=\"og:type\" content=\"article\" \/>\n<meta property=\"og:title\" content=\"II Confer\u00eancia sobre Parcerias p\u00fablico Privadas em Mo\u00e7ambique\" \/>\n<meta property=\"og:description\" content=\"A INCENTEA Mo\u00e7ambique participou na II Confer\u00eancia sobre Parcerias P\u00fablico-Privadas, realizada a 24 de abril de 2026, no Centro de Confer\u00eancias Joaquim Chissano. O evento, organizado pela Revista Business &amp; Legal, reuniu decisores p\u00fablicos, l\u00edderes empresariais e institui\u00e7\u00f5es internacionais para debater o papel das PPP no desenvolvimento econ\u00f3mico do pa\u00eds.\" \/>\n<meta property=\"og:url\" content=\"https:\/\/incentea.com\/mz\/ii-conferencia-sobre-parcerias-publico-privadas-em-mocambique\/\" \/>\n<meta property=\"og:site_name\" content=\"INCENTEA Mo\u00e7ambique\" \/>\n<meta property=\"article:published_time\" content=\"2026-04-27T10:01:08+00:00\" \/>\n<meta property=\"article:modified_time\" content=\"2026-04-30T10:16:57+00:00\" \/>\n<meta property=\"og:image\" content=\"https:\/\/incentea.com\/mz\/wp-content\/uploads\/sites\/7\/2026\/04\/Mocambique-parceria-publica-privadas.webp\" \/>\n\t<meta property=\"og:image:width\" content=\"1500\" \/>\n\t<meta property=\"og:image:height\" content=\"937\" \/>\n\t<meta property=\"og:image:type\" content=\"image\/webp\" \/>\n<meta name=\"author\" content=\"luisferreira\" \/>\n<meta name=\"twitter:card\" content=\"summary_large_image\" \/>\n<meta name=\"twitter:label1\" content=\"Written by\" \/>\n\t<meta name=\"twitter:data1\" content=\"luisferreira\" \/>\n\t<meta name=\"twitter:label2\" content=\"Est. reading time\" \/>\n\t<meta name=\"twitter:data2\" content=\"2 minutes\" \/>\n<script type=\"application\/ld+json\" class=\"yoast-schema-graph\">{\"@context\":\"https:\\\/\\\/schema.org\",\"@graph\":[{\"@type\":\"Article\",\"@id\":\"https:\\\/\\\/incentea.com\\\/mz\\\/ii-conferencia-sobre-parcerias-publico-privadas-em-mocambique\\\/#article\",\"isPartOf\":{\"@id\":\"https:\\\/\\\/incentea.com\\\/mz\\\/ii-conferencia-sobre-parcerias-publico-privadas-em-mocambique\\\/\"},\"author\":{\"name\":\"luisferreira\",\"@id\":\"https:\\\/\\\/incentea.com\\\/mz\\\/#\\\/schema\\\/person\\\/884fe8f51425a46e0eb1dec54cb42329\"},\"headline\":\"II Confer\u00eancia sobre Parcerias p\u00fablico Privadas em Mo\u00e7ambique\",\"datePublished\":\"2026-04-27T10:01:08+00:00\",\"dateModified\":\"2026-04-30T10:16:57+00:00\",\"mainEntityOfPage\":{\"@id\":\"https:\\\/\\\/incentea.com\\\/mz\\\/ii-conferencia-sobre-parcerias-publico-privadas-em-mocambique\\\/\"},\"wordCount\":2157,\"commentCount\":0,\"image\":{\"@id\":\"https:\\\/\\\/incentea.com\\\/mz\\\/ii-conferencia-sobre-parcerias-publico-privadas-em-mocambique\\\/#primaryimage\"},\"thumbnailUrl\":\"https:\\\/\\\/incentea.com\\\/mz\\\/wp-content\\\/uploads\\\/sites\\\/7\\\/2026\\\/04\\\/Mocambique-parceria-publica-privadas.webp\",\"articleSection\":[\"Eventos\",\"Not\u00edcias\"],\"inLanguage\":\"pt-MZ\",\"potentialAction\":[{\"@type\":\"CommentAction\",\"name\":\"Comment\",\"target\":[\"https:\\\/\\\/incentea.com\\\/mz\\\/ii-conferencia-sobre-parcerias-publico-privadas-em-mocambique\\\/#respond\"]}]},{\"@type\":\"WebPage\",\"@id\":\"https:\\\/\\\/incentea.com\\\/mz\\\/ii-conferencia-sobre-parcerias-publico-privadas-em-mocambique\\\/\",\"url\":\"https:\\\/\\\/incentea.com\\\/mz\\\/ii-conferencia-sobre-parcerias-publico-privadas-em-mocambique\\\/\",\"name\":\"II Confer\u00eancia sobre Parcerias p\u00fablico Privadas em Mo\u00e7ambique\",\"isPartOf\":{\"@id\":\"https:\\\/\\\/incentea.com\\\/mz\\\/#website\"},\"primaryImageOfPage\":{\"@id\":\"https:\\\/\\\/incentea.com\\\/mz\\\/ii-conferencia-sobre-parcerias-publico-privadas-em-mocambique\\\/#primaryimage\"},\"image\":{\"@id\":\"https:\\\/\\\/incentea.com\\\/mz\\\/ii-conferencia-sobre-parcerias-publico-privadas-em-mocambique\\\/#primaryimage\"},\"thumbnailUrl\":\"https:\\\/\\\/incentea.com\\\/mz\\\/wp-content\\\/uploads\\\/sites\\\/7\\\/2026\\\/04\\\/Mocambique-parceria-publica-privadas.webp\",\"datePublished\":\"2026-04-27T10:01:08+00:00\",\"dateModified\":\"2026-04-30T10:16:57+00:00\",\"author\":{\"@id\":\"https:\\\/\\\/incentea.com\\\/mz\\\/#\\\/schema\\\/person\\\/884fe8f51425a46e0eb1dec54cb42329\"},\"description\":\"A INCENTEA Mo\u00e7ambique participou na II Confer\u00eancia sobre Parcerias P\u00fablico-Privadas, realizada a 24 de abril de 2026, no Centro de Confer\u00eancias Joaquim Chissano. O evento, organizado pela Revista Business & Legal, reuniu decisores p\u00fablicos, l\u00edderes empresariais e institui\u00e7\u00f5es internacionais para debater o papel das PPP no desenvolvimento econ\u00f3mico do pa\u00eds.\",\"breadcrumb\":{\"@id\":\"https:\\\/\\\/incentea.com\\\/mz\\\/ii-conferencia-sobre-parcerias-publico-privadas-em-mocambique\\\/#breadcrumb\"},\"inLanguage\":\"pt-MZ\",\"potentialAction\":[{\"@type\":\"ReadAction\",\"target\":[\"https:\\\/\\\/incentea.com\\\/mz\\\/ii-conferencia-sobre-parcerias-publico-privadas-em-mocambique\\\/\"]}]},{\"@type\":\"ImageObject\",\"inLanguage\":\"pt-MZ\",\"@id\":\"https:\\\/\\\/incentea.com\\\/mz\\\/ii-conferencia-sobre-parcerias-publico-privadas-em-mocambique\\\/#primaryimage\",\"url\":\"https:\\\/\\\/incentea.com\\\/mz\\\/wp-content\\\/uploads\\\/sites\\\/7\\\/2026\\\/04\\\/Mocambique-parceria-publica-privadas.webp\",\"contentUrl\":\"https:\\\/\\\/incentea.com\\\/mz\\\/wp-content\\\/uploads\\\/sites\\\/7\\\/2026\\\/04\\\/Mocambique-parceria-publica-privadas.webp\",\"width\":1500,\"height\":937},{\"@type\":\"BreadcrumbList\",\"@id\":\"https:\\\/\\\/incentea.com\\\/mz\\\/ii-conferencia-sobre-parcerias-publico-privadas-em-mocambique\\\/#breadcrumb\",\"itemListElement\":[{\"@type\":\"ListItem\",\"position\":1,\"name\":\"Home\",\"item\":\"https:\\\/\\\/incentea.com\\\/mz\\\/\"},{\"@type\":\"ListItem\",\"position\":2,\"name\":\"II Confer\u00eancia sobre Parcerias p\u00fablico Privadas em Mo\u00e7ambique\"}]},{\"@type\":\"WebSite\",\"@id\":\"https:\\\/\\\/incentea.com\\\/mz\\\/#website\",\"url\":\"https:\\\/\\\/incentea.com\\\/mz\\\/\",\"name\":\"INCENTEA Mo\u00e7ambique\",\"description\":\"Website da INCENTEA em MO\u00c7AMBIQUE\",\"potentialAction\":[{\"@type\":\"SearchAction\",\"target\":{\"@type\":\"EntryPoint\",\"urlTemplate\":\"https:\\\/\\\/incentea.com\\\/mz\\\/?s={search_term_string}\"},\"query-input\":{\"@type\":\"PropertyValueSpecification\",\"valueRequired\":true,\"valueName\":\"search_term_string\"}}],\"inLanguage\":\"pt-MZ\"},{\"@type\":\"Person\",\"@id\":\"https:\\\/\\\/incentea.com\\\/mz\\\/#\\\/schema\\\/person\\\/884fe8f51425a46e0eb1dec54cb42329\",\"name\":\"luisferreira\",\"image\":{\"@type\":\"ImageObject\",\"inLanguage\":\"pt-MZ\",\"@id\":\"https:\\\/\\\/secure.gravatar.com\\\/avatar\\\/e557c9a32ccfa2eb18ef4afe7bfc0589608a76e8160a217320931bcbe768d8b6?s=96&d=mm&r=g\",\"url\":\"https:\\\/\\\/secure.gravatar.com\\\/avatar\\\/e557c9a32ccfa2eb18ef4afe7bfc0589608a76e8160a217320931bcbe768d8b6?s=96&d=mm&r=g\",\"contentUrl\":\"https:\\\/\\\/secure.gravatar.com\\\/avatar\\\/e557c9a32ccfa2eb18ef4afe7bfc0589608a76e8160a217320931bcbe768d8b6?s=96&d=mm&r=g\",\"caption\":\"luisferreira\"}}]}<\/script>\n<!-- \/ Yoast SEO plugin. -->","yoast_head_json":{"title":"II Confer\u00eancia sobre Parcerias p\u00fablico Privadas em Mo\u00e7ambique","description":"A INCENTEA Mo\u00e7ambique participou na II Confer\u00eancia sobre Parcerias P\u00fablico-Privadas, realizada a 24 de abril de 2026, no Centro de Confer\u00eancias Joaquim Chissano. O evento, organizado pela Revista Business & Legal, reuniu decisores p\u00fablicos, l\u00edderes empresariais e institui\u00e7\u00f5es internacionais para debater o papel das PPP no desenvolvimento econ\u00f3mico do pa\u00eds.","robots":{"index":"index","follow":"follow","max-snippet":"max-snippet:-1","max-image-preview":"max-image-preview:large","max-video-preview":"max-video-preview:-1"},"canonical":"https:\/\/incentea.com\/mz\/ii-conferencia-sobre-parcerias-publico-privadas-em-mocambique\/","og_locale":"pt_PT","og_type":"article","og_title":"II Confer\u00eancia sobre Parcerias p\u00fablico Privadas em Mo\u00e7ambique","og_description":"A INCENTEA Mo\u00e7ambique participou na II Confer\u00eancia sobre Parcerias P\u00fablico-Privadas, realizada a 24 de abril de 2026, no Centro de Confer\u00eancias Joaquim Chissano. O evento, organizado pela Revista Business & Legal, reuniu decisores p\u00fablicos, l\u00edderes empresariais e institui\u00e7\u00f5es internacionais para debater o papel das PPP no desenvolvimento econ\u00f3mico do pa\u00eds.","og_url":"https:\/\/incentea.com\/mz\/ii-conferencia-sobre-parcerias-publico-privadas-em-mocambique\/","og_site_name":"INCENTEA Mo\u00e7ambique","article_published_time":"2026-04-27T10:01:08+00:00","article_modified_time":"2026-04-30T10:16:57+00:00","og_image":[{"width":1500,"height":937,"url":"https:\/\/incentea.com\/mz\/wp-content\/uploads\/sites\/7\/2026\/04\/Mocambique-parceria-publica-privadas.webp","type":"image\/webp"}],"author":"luisferreira","twitter_card":"summary_large_image","twitter_misc":{"Written by":"luisferreira","Est. reading time":"2 minutes"},"schema":{"@context":"https:\/\/schema.org","@graph":[{"@type":"Article","@id":"https:\/\/incentea.com\/mz\/ii-conferencia-sobre-parcerias-publico-privadas-em-mocambique\/#article","isPartOf":{"@id":"https:\/\/incentea.com\/mz\/ii-conferencia-sobre-parcerias-publico-privadas-em-mocambique\/"},"author":{"name":"luisferreira","@id":"https:\/\/incentea.com\/mz\/#\/schema\/person\/884fe8f51425a46e0eb1dec54cb42329"},"headline":"II Confer\u00eancia sobre Parcerias p\u00fablico Privadas em Mo\u00e7ambique","datePublished":"2026-04-27T10:01:08+00:00","dateModified":"2026-04-30T10:16:57+00:00","mainEntityOfPage":{"@id":"https:\/\/incentea.com\/mz\/ii-conferencia-sobre-parcerias-publico-privadas-em-mocambique\/"},"wordCount":2157,"commentCount":0,"image":{"@id":"https:\/\/incentea.com\/mz\/ii-conferencia-sobre-parcerias-publico-privadas-em-mocambique\/#primaryimage"},"thumbnailUrl":"https:\/\/incentea.com\/mz\/wp-content\/uploads\/sites\/7\/2026\/04\/Mocambique-parceria-publica-privadas.webp","articleSection":["Eventos","Not\u00edcias"],"inLanguage":"pt-MZ","potentialAction":[{"@type":"CommentAction","name":"Comment","target":["https:\/\/incentea.com\/mz\/ii-conferencia-sobre-parcerias-publico-privadas-em-mocambique\/#respond"]}]},{"@type":"WebPage","@id":"https:\/\/incentea.com\/mz\/ii-conferencia-sobre-parcerias-publico-privadas-em-mocambique\/","url":"https:\/\/incentea.com\/mz\/ii-conferencia-sobre-parcerias-publico-privadas-em-mocambique\/","name":"II Confer\u00eancia sobre Parcerias p\u00fablico Privadas em Mo\u00e7ambique","isPartOf":{"@id":"https:\/\/incentea.com\/mz\/#website"},"primaryImageOfPage":{"@id":"https:\/\/incentea.com\/mz\/ii-conferencia-sobre-parcerias-publico-privadas-em-mocambique\/#primaryimage"},"image":{"@id":"https:\/\/incentea.com\/mz\/ii-conferencia-sobre-parcerias-publico-privadas-em-mocambique\/#primaryimage"},"thumbnailUrl":"https:\/\/incentea.com\/mz\/wp-content\/uploads\/sites\/7\/2026\/04\/Mocambique-parceria-publica-privadas.webp","datePublished":"2026-04-27T10:01:08+00:00","dateModified":"2026-04-30T10:16:57+00:00","author":{"@id":"https:\/\/incentea.com\/mz\/#\/schema\/person\/884fe8f51425a46e0eb1dec54cb42329"},"description":"A INCENTEA Mo\u00e7ambique participou na II Confer\u00eancia sobre Parcerias P\u00fablico-Privadas, realizada a 24 de abril de 2026, no Centro de Confer\u00eancias Joaquim Chissano. O evento, organizado pela Revista Business & Legal, reuniu decisores p\u00fablicos, l\u00edderes empresariais e institui\u00e7\u00f5es internacionais para debater o papel das PPP no desenvolvimento econ\u00f3mico do pa\u00eds.","breadcrumb":{"@id":"https:\/\/incentea.com\/mz\/ii-conferencia-sobre-parcerias-publico-privadas-em-mocambique\/#breadcrumb"},"inLanguage":"pt-MZ","potentialAction":[{"@type":"ReadAction","target":["https:\/\/incentea.com\/mz\/ii-conferencia-sobre-parcerias-publico-privadas-em-mocambique\/"]}]},{"@type":"ImageObject","inLanguage":"pt-MZ","@id":"https:\/\/incentea.com\/mz\/ii-conferencia-sobre-parcerias-publico-privadas-em-mocambique\/#primaryimage","url":"https:\/\/incentea.com\/mz\/wp-content\/uploads\/sites\/7\/2026\/04\/Mocambique-parceria-publica-privadas.webp","contentUrl":"https:\/\/incentea.com\/mz\/wp-content\/uploads\/sites\/7\/2026\/04\/Mocambique-parceria-publica-privadas.webp","width":1500,"height":937},{"@type":"BreadcrumbList","@id":"https:\/\/incentea.com\/mz\/ii-conferencia-sobre-parcerias-publico-privadas-em-mocambique\/#breadcrumb","itemListElement":[{"@type":"ListItem","position":1,"name":"Home","item":"https:\/\/incentea.com\/mz\/"},{"@type":"ListItem","position":2,"name":"II Confer\u00eancia sobre Parcerias p\u00fablico Privadas em Mo\u00e7ambique"}]},{"@type":"WebSite","@id":"https:\/\/incentea.com\/mz\/#website","url":"https:\/\/incentea.com\/mz\/","name":"INCENTEA Mo\u00e7ambique","description":"Website da INCENTEA em MO\u00c7AMBIQUE","potentialAction":[{"@type":"SearchAction","target":{"@type":"EntryPoint","urlTemplate":"https:\/\/incentea.com\/mz\/?s={search_term_string}"},"query-input":{"@type":"PropertyValueSpecification","valueRequired":true,"valueName":"search_term_string"}}],"inLanguage":"pt-MZ"},{"@type":"Person","@id":"https:\/\/incentea.com\/mz\/#\/schema\/person\/884fe8f51425a46e0eb1dec54cb42329","name":"luisferreira","image":{"@type":"ImageObject","inLanguage":"pt-MZ","@id":"https:\/\/secure.gravatar.com\/avatar\/e557c9a32ccfa2eb18ef4afe7bfc0589608a76e8160a217320931bcbe768d8b6?s=96&d=mm&r=g","url":"https:\/\/secure.gravatar.com\/avatar\/e557c9a32ccfa2eb18ef4afe7bfc0589608a76e8160a217320931bcbe768d8b6?s=96&d=mm&r=g","contentUrl":"https:\/\/secure.gravatar.com\/avatar\/e557c9a32ccfa2eb18ef4afe7bfc0589608a76e8160a217320931bcbe768d8b6?s=96&d=mm&r=g","caption":"luisferreira"}}]}},"jetpack_featured_media_url":"https:\/\/incentea.com\/mz\/wp-content\/uploads\/sites\/7\/2026\/04\/Mocambique-parceria-publica-privadas.webp","_links":{"self":[{"href":"https:\/\/incentea.com\/mz\/wp-json\/wp\/v2\/posts\/3022","targetHints":{"allow":["GET"]}}],"collection":[{"href":"https:\/\/incentea.com\/mz\/wp-json\/wp\/v2\/posts"}],"about":[{"href":"https:\/\/incentea.com\/mz\/wp-json\/wp\/v2\/types\/post"}],"author":[{"embeddable":true,"href":"https:\/\/incentea.com\/mz\/wp-json\/wp\/v2\/users\/4"}],"replies":[{"embeddable":true,"href":"https:\/\/incentea.com\/mz\/wp-json\/wp\/v2\/comments?post=3022"}],"version-history":[{"count":3,"href":"https:\/\/incentea.com\/mz\/wp-json\/wp\/v2\/posts\/3022\/revisions"}],"predecessor-version":[{"id":3067,"href":"https:\/\/incentea.com\/mz\/wp-json\/wp\/v2\/posts\/3022\/revisions\/3067"}],"wp:featuredmedia":[{"embeddable":true,"href":"https:\/\/incentea.com\/mz\/wp-json\/wp\/v2\/media\/3003"}],"wp:attachment":[{"href":"https:\/\/incentea.com\/mz\/wp-json\/wp\/v2\/media?parent=3022"}],"wp:term":[{"taxonomy":"category","embeddable":true,"href":"https:\/\/incentea.com\/mz\/wp-json\/wp\/v2\/categories?post=3022"},{"taxonomy":"post_tag","embeddable":true,"href":"https:\/\/incentea.com\/mz\/wp-json\/wp\/v2\/tags?post=3022"}],"curies":[{"name":"wp","href":"https:\/\/api.w.org\/{rel}","templated":true}]}}